{"id":3977,"date":"2019-12-03T17:19:04","date_gmt":"2019-12-03T17:19:04","guid":{"rendered":"http:\/\/wp.ebiccenter.com.br\/?p=3977"},"modified":"2025-10-29T09:44:46","modified_gmt":"2025-10-29T12:44:46","slug":"varejo-na-black-friday-online-fatura-r-32-bi","status":"publish","type":"post","link":"https:\/\/ebinterchange.com.br\/index.php\/varejo-na-black-friday-online-fatura-r-32-bi\/","title":{"rendered":"Varejo na Black Friday online fatura R$ 3,2 bi"},"content":{"rendered":"\n<p>O varejo brasileiro online faturou R$ 3,2 bilh\u00f5es na&nbsp;Black Friday&nbsp;de 2019, aponta levantamento da Ebit|Nielsen. O dado \u00e9 referente \u00e0 receita registrada na quinta-feira (28), e na sexta-feira (29). O montante representa alta de 23,6% em rela\u00e7\u00e3o \u00e0 edi\u00e7\u00e3o de 2018, quando as vendas somaram R$ 2,6 bilh\u00f5es. O gasto m\u00e9dio por consumidor, no entanto, caiu de R$ 608 para R$ 602, queda de 1,1%.<br>Os n\u00fameros comprovam que de fato o evento j\u00e1 faz parte do calend\u00e1rio de compras do brasileiro, com crescimento ano a ano. As lojas mais tradicionais igualmente se mostraram mais preparados para o per\u00edodo promocional, compreendendo o que o mercado queria.<\/p>\n\n\n\n<p>Al\u00e9m disso, as vendas confirmam a tend\u00eancia de o consumidor adquirir a partir de dispositivos m\u00f3veis. Foi identificado que 55% dos pedidos foram feitos a partir de celulares. Na compara\u00e7\u00e3o com 2018 portanto, a alta foi de 103%.<br>O faturamento via mobile neste expandiu 95%, chegando assim a R$ 1,7 bilh\u00e3o, contra R$ 830 milh\u00f5es do ano passado. O t\u00edquete m\u00e9dio por esse meio foi de R$ 574, frente aos R$ 552 do ano anterior, alta de 4%.<br>Essa Black Friday se consolidou como o evento onde mais compras foram feitas atrav\u00e9s de celulares. Assim, garantir uma boa experi\u00eancia mobile foi o diferencial para bons resultados.<\/p>\n\n\n\n<h4 class=\"wp-block-heading\">Novos consumidores online<\/h4>\n\n\n\n<p>A Black Friday 2019 levaram 418 mil brasileiros a comprar pela primeira vez via internet. Isso representa uma alta de 12% em rela\u00e7\u00e3o a 2018. A base total de compradores online neste ano foi de 2,85 milh\u00f5es, uma expans\u00e3o de 18,1% com rela\u00e7\u00e3o a 2018.<br>Entre os motivadores para a ades\u00e3o ao varejo online destaca-se o Instagram, que ultrapassou o Facebook e se tornou a m\u00eddia que mais motiva as compras.<\/p>\n\n\n\n<h4 class=\"wp-block-heading\">Black Friday prolongada<\/h4>\n\n\n\n<p>Entretanto as promo\u00e7\u00f5es n\u00e3o se encerraram na sexta-feira. Muitos varejistas prolongam as promo\u00e7\u00f5es ao longo de s\u00e1bado e domingo.<br>De acordo com o levantamento, houve faturamento de R$ 1,15 bilh\u00e3o na soma de s\u00e1bado e domingo. O crescimento \u00e9 de 21% na compara\u00e7\u00e3o com 2018, quando o total em vendas foi de R$ 949 milh\u00f5es.<\/p>\n\n\n\n<p>J\u00e1 o volume de pedidos chegou a 2,43 milh\u00f5es, versus 1,87 milh\u00e3o em 2018, varia\u00e7\u00e3o de 30%. O t\u00edquete m\u00e9dio teve queda de 7% frente a 2018 (R$ 507), ficando em R$ 471.<br>O brasileiro continuou adquirindo ao longo deste fim de semana, mas pela an\u00e1lise do t\u00edquete m\u00e9dio, verificamos que foram itens de menor valor agregado. O final de semana foi usado para terminar as compras da Black Friday em si, quando as escolhas se concentraram mais em produtos de maior valor.<\/p>\n\n\n\n<h4 class=\"wp-block-heading\">Varejo na Black Friday mobile em ritmo forte<\/h4>\n\n\n\n<p>No fim de semana, as compras&nbsp;por dispositivos m\u00f3veis&nbsp;chegaram a R$ 668 milh\u00f5es, alta de 67% com rela\u00e7\u00e3o a 2018.<br>Verificou-se ainda uma expans\u00e3o de 81% no volume de pedidos durante o s\u00e1bado e o domingo de 2019 (1,5 milh\u00e3o), enquanto no ano anterior o total foi de 832 mil pedidos. Na compara\u00e7\u00e3o com 2018, o t\u00edquete m\u00e9dio para as compras por esse meio tiveram queda de 8%: R$ 444 (2019) e R$ 482 (2018). <\/p>\n\n\n\n<h4 class=\"wp-block-heading\">Integra\u00e7\u00e3o fundamental<\/h4>\n\n\n\n<p>Para que seja poss\u00edvel a administra\u00e7\u00e3o de volumes de vendas t\u00e3o grandes quanto os apresentados na Black Friday, \u00e9 fundamental que o ERP e os canais de venda da empresa estejam integrados. Assim, o fluxo de processos  ocorre de forma autom\u00e1tica. Isso traz agilidade, efici\u00eancia e seguran\u00e7a ao processo de venda.<\/p>\n\n\n\n<p>Confira as <a href=\"https:\/\/ebinterchange.com.br\/index.php\/solucoes\/\">solu\u00e7\u00f5es<\/a> em integra\u00e7\u00f5es da EBInterchange. Entre em <a href=\"https:\/\/ebinterchange.com.br\/index.php\/contato\/\">contato <\/a>conosco e saiba mais sobre integra\u00e7\u00f5es de sistemas.<\/p>\n\n\n\n<p>fonte: <a href=\"https:\/\/www.ecommercebrasil.com.br\/noticias\/varejo-online-fatura-black-friday\/\">https:\/\/www.ecommercebrasil.com.br\/noticias\/varejo-online-fatura-black-friday\/<\/a> <\/p>\n","protected":false},"excerpt":{"rendered":"<p>O varejo brasileiro online faturou R$ 3,2 bilh\u00f5es na&nbsp;Black Friday&nbsp;de 2019, aponta levantamento da Ebit|Nielsen. O dado \u00e9 referente \u00e0 receita registrada na quinta-feira (28), e na sexta-feira (29). O montante representa alta de 23,6% em rela\u00e7\u00e3o \u00e0 edi\u00e7\u00e3o de 2018, quando as vendas somaram R$ 2,6 bilh\u00f5es. O gasto m\u00e9dio por consumidor, no entanto, [&hellip;]<\/p>\n","protected":false},"author":2,"featured_media":0,"comment_status":"closed","ping_status":"open","sticky":false,"template":"","format":"standard","meta":{"footnotes":""},"categories":[2,213,212,5],"tags":[184,44,56,71,99,153],"class_list":["post-3977","post","type-post","status-publish","format-standard","hentry","category-blog","category-ebi","category-integracao","category-marketplaces","tag-black-friday","tag-e-commerce","tag-erp","tag-integracao-de-sistemas","tag-marketplace","tag-venda-on-line"],"yoast_head":"<!-- This site is optimized with the Yoast SEO plugin v22.5 - https:\/\/yoast.com\/wordpress\/plugins\/seo\/ -->\n<title>Varejo na Black Friday online fatura R$ 3,2 bi &#8226; EBI | EBInterchange<\/title>\n<meta name=\"description\" content=\"Os n\u00fameros comprovam que de o evento j\u00e1 faz parte do calend\u00e1rio de compras do brasileiro, tornando a Black Friday um dos principais dias do varejo no Brasil\" \/>\n<meta name=\"robots\" content=\"index, follow, max-snippet:-1, max-image-preview:large, max-video-preview:-1\" \/>\n<link rel=\"canonical\" href=\"https:\/\/ebinterchange.com.br\/index.php\/varejo-na-black-friday-online-fatura-r-32-bi\/\" \/>\n<meta property=\"og:locale\" content=\"pt_BR\" \/>\n<meta property=\"og:type\" content=\"article\" \/>\n<meta property=\"og:title\" content=\"Varejo na Black Friday online fatura R$ 3,2 bi &#8226; EBI | EBInterchange\" \/>\n<meta property=\"og:description\" content=\"Os n\u00fameros comprovam que de o evento j\u00e1 faz parte do calend\u00e1rio de compras do brasileiro, tornando a Black Friday um dos principais dias do varejo no Brasil\" \/>\n<meta property=\"og:url\" content=\"https:\/\/ebinterchange.com.br\/index.php\/varejo-na-black-friday-online-fatura-r-32-bi\/\" \/>\n<meta property=\"og:site_name\" content=\"EBI | EBInterchange\" \/>\n<meta property=\"article:publisher\" content=\"https:\/\/www.facebook.com\/ebinterchangebrasil\" \/>\n<meta property=\"article:published_time\" content=\"2019-12-03T17:19:04+00:00\" \/>\n<meta property=\"article:modified_time\" content=\"2025-10-29T12:44:46+00:00\" \/>\n<meta property=\"og:image\" content=\"https:\/\/ebinterchange.com.br\/wp-content\/uploads\/resultados-black-friday-Post-EBI.jpg\" \/>\n\t<meta property=\"og:image:width\" content=\"960\" \/>\n\t<meta property=\"og:image:height\" content=\"681\" \/>\n\t<meta property=\"og:image:type\" content=\"image\/jpeg\" \/>\n<meta name=\"author\" content=\"EBInterchange\" \/>\n<meta name=\"twitter:card\" content=\"summary_large_image\" \/>\n<meta name=\"twitter:label1\" content=\"Escrito por\" \/>\n\t<meta name=\"twitter:data1\" content=\"EBInterchange\" \/>\n\t<meta name=\"twitter:label2\" content=\"Est. tempo de leitura\" \/>\n\t<meta name=\"twitter:data2\" content=\"3 minutos\" \/>\n<script type=\"application\/ld+json\" class=\"yoast-schema-graph\">{\"@context\":\"https:\/\/schema.org\",\"@graph\":[{\"@type\":\"Article\",\"@id\":\"https:\/\/ebinterchange.com.br\/index.php\/varejo-na-black-friday-online-fatura-r-32-bi\/#article\",\"isPartOf\":{\"@id\":\"https:\/\/ebinterchange.com.br\/index.php\/varejo-na-black-friday-online-fatura-r-32-bi\/\"},\"author\":{\"name\":\"EBInterchange\",\"@id\":\"https:\/\/ebinterchange.com.br\/#\/schema\/person\/0eaf8beb3116ded158e3dd930ea8d410\"},\"headline\":\"Varejo na Black Friday online fatura R$ 3,2 bi\",\"datePublished\":\"2019-12-03T17:19:04+00:00\",\"dateModified\":\"2025-10-29T12:44:46+00:00\",\"mainEntityOfPage\":{\"@id\":\"https:\/\/ebinterchange.com.br\/index.php\/varejo-na-black-friday-online-fatura-r-32-bi\/\"},\"wordCount\":608,\"publisher\":{\"@id\":\"https:\/\/ebinterchange.com.br\/#organization\"},\"keywords\":[\"Black Friday\",\"e-commerce\",\"erp\",\"integracao de sistemas\",\"marketplace\",\"venda on-line\"],\"articleSection\":[\"blog\",\"EBI\",\"Integra\u00e7\u00e3o\",\"Marketplaces\"],\"inLanguage\":\"pt-BR\"},{\"@type\":\"WebPage\",\"@id\":\"https:\/\/ebinterchange.com.br\/index.php\/varejo-na-black-friday-online-fatura-r-32-bi\/\",\"url\":\"https:\/\/ebinterchange.com.br\/index.php\/varejo-na-black-friday-online-fatura-r-32-bi\/\",\"name\":\"Varejo na Black Friday online fatura R$ 3,2 bi &#8226; EBI | EBInterchange\",\"isPartOf\":{\"@id\":\"https:\/\/ebinterchange.com.br\/#website\"},\"datePublished\":\"2019-12-03T17:19:04+00:00\",\"dateModified\":\"2025-10-29T12:44:46+00:00\",\"description\":\"Os n\u00fameros comprovam que de o evento j\u00e1 faz parte do calend\u00e1rio de compras do brasileiro, tornando a Black Friday um dos principais dias do varejo no Brasil\",\"breadcrumb\":{\"@id\":\"https:\/\/ebinterchange.com.br\/index.php\/varejo-na-black-friday-online-fatura-r-32-bi\/#breadcrumb\"},\"inLanguage\":\"pt-BR\",\"potentialAction\":[{\"@type\":\"ReadAction\",\"target\":[\"https:\/\/ebinterchange.com.br\/index.php\/varejo-na-black-friday-online-fatura-r-32-bi\/\"]}]},{\"@type\":\"BreadcrumbList\",\"@id\":\"https:\/\/ebinterchange.com.br\/index.php\/varejo-na-black-friday-online-fatura-r-32-bi\/#breadcrumb\",\"itemListElement\":[{\"@type\":\"ListItem\",\"position\":1,\"name\":\"In\u00edcio\",\"item\":\"https:\/\/ebinterchange.com.br\/\"},{\"@type\":\"ListItem\",\"position\":2,\"name\":\"Varejo na Black Friday online fatura R$ 3,2 bi\"}]},{\"@type\":\"WebSite\",\"@id\":\"https:\/\/ebinterchange.com.br\/#website\",\"url\":\"https:\/\/ebinterchange.com.br\/\",\"name\":\"EBI | EBInterchange\",\"description\":\"EBI | Integra\u00e7\u00e3o de Sistemas | ERP | E-commerce | B2B | B2C\",\"publisher\":{\"@id\":\"https:\/\/ebinterchange.com.br\/#organization\"},\"potentialAction\":[{\"@type\":\"SearchAction\",\"target\":{\"@type\":\"EntryPoint\",\"urlTemplate\":\"https:\/\/ebinterchange.com.br\/?s={search_term_string}\"},\"query-input\":\"required name=search_term_string\"}],\"inLanguage\":\"pt-BR\"},{\"@type\":\"Organization\",\"@id\":\"https:\/\/ebinterchange.com.br\/#organization\",\"name\":\"EBI EBinterchange\",\"url\":\"https:\/\/ebinterchange.com.br\/\",\"logo\":{\"@type\":\"ImageObject\",\"inLanguage\":\"pt-BR\",\"@id\":\"https:\/\/ebinterchange.com.br\/#\/schema\/logo\/image\/\",\"url\":\"https:\/\/ebinterchange.com.br\/wp-content\/uploads\/logo-EBI-EBInterchange-assinatura6.jpg\",\"contentUrl\":\"https:\/\/ebinterchange.com.br\/wp-content\/uploads\/logo-EBI-EBInterchange-assinatura6.jpg\",\"width\":286,\"height\":173,\"caption\":\"EBI EBinterchange\"},\"image\":{\"@id\":\"https:\/\/ebinterchange.com.br\/#\/schema\/logo\/image\/\"},\"sameAs\":[\"https:\/\/www.facebook.com\/ebinterchangebrasil\",\"https:\/\/pt.linkedin.com\/company\/ebinterchange\"]},{\"@type\":\"Person\",\"@id\":\"https:\/\/ebinterchange.com.br\/#\/schema\/person\/0eaf8beb3116ded158e3dd930ea8d410\",\"name\":\"EBInterchange\",\"sameAs\":[\"http:\/\/wp.ebiccenter.com.br\"]}]}<\/script>\n<!-- \/ Yoast SEO plugin. -->","yoast_head_json":{"title":"Varejo na Black Friday online fatura R$ 3,2 bi &#8226; EBI | EBInterchange","description":"Os n\u00fameros comprovam que de o evento j\u00e1 faz parte do calend\u00e1rio de compras do brasileiro, tornando a Black Friday um dos principais dias do varejo no Brasil","robots":{"index":"index","follow":"follow","max-snippet":"max-snippet:-1","max-image-preview":"max-image-preview:large","max-video-preview":"max-video-preview:-1"},"canonical":"https:\/\/ebinterchange.com.br\/index.php\/varejo-na-black-friday-online-fatura-r-32-bi\/","og_locale":"pt_BR","og_type":"article","og_title":"Varejo na Black Friday online fatura R$ 3,2 bi &#8226; EBI | EBInterchange","og_description":"Os n\u00fameros comprovam que de o evento j\u00e1 faz parte do calend\u00e1rio de compras do brasileiro, tornando a Black Friday um dos principais dias do varejo no Brasil","og_url":"https:\/\/ebinterchange.com.br\/index.php\/varejo-na-black-friday-online-fatura-r-32-bi\/","og_site_name":"EBI | EBInterchange","article_publisher":"https:\/\/www.facebook.com\/ebinterchangebrasil","article_published_time":"2019-12-03T17:19:04+00:00","article_modified_time":"2025-10-29T12:44:46+00:00","og_image":[{"width":960,"height":681,"url":"https:\/\/ebinterchange.com.br\/wp-content\/uploads\/resultados-black-friday-Post-EBI.jpg","type":"image\/jpeg"}],"author":"EBInterchange","twitter_card":"summary_large_image","twitter_misc":{"Escrito por":"EBInterchange","Est. tempo de leitura":"3 minutos"},"schema":{"@context":"https:\/\/schema.org","@graph":[{"@type":"Article","@id":"https:\/\/ebinterchange.com.br\/index.php\/varejo-na-black-friday-online-fatura-r-32-bi\/#article","isPartOf":{"@id":"https:\/\/ebinterchange.com.br\/index.php\/varejo-na-black-friday-online-fatura-r-32-bi\/"},"author":{"name":"EBInterchange","@id":"https:\/\/ebinterchange.com.br\/#\/schema\/person\/0eaf8beb3116ded158e3dd930ea8d410"},"headline":"Varejo na Black Friday online fatura R$ 3,2 bi","datePublished":"2019-12-03T17:19:04+00:00","dateModified":"2025-10-29T12:44:46+00:00","mainEntityOfPage":{"@id":"https:\/\/ebinterchange.com.br\/index.php\/varejo-na-black-friday-online-fatura-r-32-bi\/"},"wordCount":608,"publisher":{"@id":"https:\/\/ebinterchange.com.br\/#organization"},"keywords":["Black Friday","e-commerce","erp","integracao de sistemas","marketplace","venda on-line"],"articleSection":["blog","EBI","Integra\u00e7\u00e3o","Marketplaces"],"inLanguage":"pt-BR"},{"@type":"WebPage","@id":"https:\/\/ebinterchange.com.br\/index.php\/varejo-na-black-friday-online-fatura-r-32-bi\/","url":"https:\/\/ebinterchange.com.br\/index.php\/varejo-na-black-friday-online-fatura-r-32-bi\/","name":"Varejo na Black Friday online fatura R$ 3,2 bi &#8226; EBI | EBInterchange","isPartOf":{"@id":"https:\/\/ebinterchange.com.br\/#website"},"datePublished":"2019-12-03T17:19:04+00:00","dateModified":"2025-10-29T12:44:46+00:00","description":"Os n\u00fameros comprovam que de o evento j\u00e1 faz parte do calend\u00e1rio de compras do brasileiro, tornando a Black Friday um dos principais dias do varejo no Brasil","breadcrumb":{"@id":"https:\/\/ebinterchange.com.br\/index.php\/varejo-na-black-friday-online-fatura-r-32-bi\/#breadcrumb"},"inLanguage":"pt-BR","potentialAction":[{"@type":"ReadAction","target":["https:\/\/ebinterchange.com.br\/index.php\/varejo-na-black-friday-online-fatura-r-32-bi\/"]}]},{"@type":"BreadcrumbList","@id":"https:\/\/ebinterchange.com.br\/index.php\/varejo-na-black-friday-online-fatura-r-32-bi\/#breadcrumb","itemListElement":[{"@type":"ListItem","position":1,"name":"In\u00edcio","item":"https:\/\/ebinterchange.com.br\/"},{"@type":"ListItem","position":2,"name":"Varejo na Black Friday online fatura R$ 3,2 bi"}]},{"@type":"WebSite","@id":"https:\/\/ebinterchange.com.br\/#website","url":"https:\/\/ebinterchange.com.br\/","name":"EBI | EBInterchange","description":"EBI | Integra\u00e7\u00e3o de Sistemas | ERP | E-commerce | B2B | B2C","publisher":{"@id":"https:\/\/ebinterchange.com.br\/#organization"},"potentialAction":[{"@type":"SearchAction","target":{"@type":"EntryPoint","urlTemplate":"https:\/\/ebinterchange.com.br\/?s={search_term_string}"},"query-input":"required name=search_term_string"}],"inLanguage":"pt-BR"},{"@type":"Organization","@id":"https:\/\/ebinterchange.com.br\/#organization","name":"EBI EBinterchange","url":"https:\/\/ebinterchange.com.br\/","logo":{"@type":"ImageObject","inLanguage":"pt-BR","@id":"https:\/\/ebinterchange.com.br\/#\/schema\/logo\/image\/","url":"https:\/\/ebinterchange.com.br\/wp-content\/uploads\/logo-EBI-EBInterchange-assinatura6.jpg","contentUrl":"https:\/\/ebinterchange.com.br\/wp-content\/uploads\/logo-EBI-EBInterchange-assinatura6.jpg","width":286,"height":173,"caption":"EBI EBinterchange"},"image":{"@id":"https:\/\/ebinterchange.com.br\/#\/schema\/logo\/image\/"},"sameAs":["https:\/\/www.facebook.com\/ebinterchangebrasil","https:\/\/pt.linkedin.com\/company\/ebinterchange"]},{"@type":"Person","@id":"https:\/\/ebinterchange.com.br\/#\/schema\/person\/0eaf8beb3116ded158e3dd930ea8d410","name":"EBInterchange","sameAs":["http:\/\/wp.ebiccenter.com.br"]}]}},"_links":{"self":[{"href":"https:\/\/ebinterchange.com.br\/index.php\/wp-json\/wp\/v2\/posts\/3977","targetHints":{"allow":["GET"]}}],"collection":[{"href":"https:\/\/ebinterchange.com.br\/index.php\/wp-json\/wp\/v2\/posts"}],"about":[{"href":"https:\/\/ebinterchange.com.br\/index.php\/wp-json\/wp\/v2\/types\/post"}],"author":[{"embeddable":true,"href":"https:\/\/ebinterchange.com.br\/index.php\/wp-json\/wp\/v2\/users\/2"}],"replies":[{"embeddable":true,"href":"https:\/\/ebinterchange.com.br\/index.php\/wp-json\/wp\/v2\/comments?post=3977"}],"version-history":[{"count":12,"href":"https:\/\/ebinterchange.com.br\/index.php\/wp-json\/wp\/v2\/posts\/3977\/revisions"}],"predecessor-version":[{"id":3990,"href":"https:\/\/ebinterchange.com.br\/index.php\/wp-json\/wp\/v2\/posts\/3977\/revisions\/3990"}],"wp:attachment":[{"href":"https:\/\/ebinterchange.com.br\/index.php\/wp-json\/wp\/v2\/media?parent=3977"}],"wp:term":[{"taxonomy":"category","embeddable":true,"href":"https:\/\/ebinterchange.com.br\/index.php\/wp-json\/wp\/v2\/categories?post=3977"},{"taxonomy":"post_tag","embeddable":true,"href":"https:\/\/ebinterchange.com.br\/index.php\/wp-json\/wp\/v2\/tags?post=3977"}],"curies":[{"name":"wp","href":"https:\/\/api.w.org\/{rel}","templated":true}]}}